{"id":15116,"date":"2026-04-13T13:01:47","date_gmt":"2026-04-13T11:01:47","guid":{"rendered":"https:\/\/aventouralia.com\/?p=15116"},"modified":"2026-04-29T08:58:15","modified_gmt":"2026-04-29T06:58:15","slug":"fuengirola-international-countries-fair","status":"publish","type":"post","link":"https:\/\/aventouralia.com\/en\/blog\/fuengirola-international-countries-fair\/","title":{"rendered":"Fuengirola International Countries Fair 2026"},"content":{"rendered":"<p>If you&#8217;re looking for <strong>a different kind of plan on the Costa del Sol<\/strong>, the <strong>Fuengirola International Fair 2026<\/strong> (also known as the International Fair of Countries) is one of those experiences you won\u2019t forget. Music, international cuisine, a festive atmosphere\u2026 all without leaving M\u00e1laga.<\/p>\n<p>For a few days, Fuengirola becomes a true meeting point of cultures, where you can taste flavors from around the world, enjoy unique performances, and experience one of the most important festivals in Andalusia.<\/p>\n<p>In this article, we\u2019ll tell you <strong>what it is, when it takes place, and why you should include it in your trip with Aventouralia<\/strong>.<\/p>\n<div id=\"ez-toc-container\" class=\"ez-toc-v2_0_82_2 counter-hierarchy ez-toc-counter ez-toc-grey ez-toc-container-direction\">\n<div class=\"ez-toc-title-container\">\n<p class=\"ez-toc-title\" style=\"cursor:inherit\">Table of Contents<\/p>\n<span class=\"ez-toc-title-toggle\"><a href=\"#\" class=\"ez-toc-pull-right ez-toc-btn ez-toc-btn-xs ez-toc-btn-default ez-toc-toggle\" aria-label=\"Toggle Table of Content\"><span class=\"ez-toc-js-icon-con\"><span class=\"\"><span class=\"eztoc-hide\" style=\"display:none;\">Toggle<\/span><span class=\"ez-toc-icon-toggle-span\"><svg style=\"fill: #999;color:#999\" xmlns=\"http:\/\/www.w3.org\/2000\/svg\" class=\"list-377408\" width=\"20px\" height=\"20px\" viewBox=\"0 0 24 24\" fill=\"none\"><path d=\"M6 6H4v2h2V6zm14 0H8v2h12V6zM4 11h2v2H4v-2zm16 0H8v2h12v-2zM4 16h2v2H4v-2zm16 0H8v2h12v-2z\" fill=\"currentColor\"><\/path><\/svg><svg style=\"fill: #999;color:#999\" class=\"arrow-unsorted-368013\" xmlns=\"http:\/\/www.w3.org\/2000\/svg\" width=\"10px\" height=\"10px\" viewBox=\"0 0 24 24\" version=\"1.2\" baseProfile=\"tiny\"><path d=\"M18.2 9.3l-6.2-6.3-6.2 6.3c-.2.2-.3.4-.3.7s.1.5.3.7c.2.2.4.3.7.3h11c.3 0 .5-.1.7-.3.2-.2.3-.5.3-.7s-.1-.5-.3-.7zM5.8 14.7l6.2 6.3 6.2-6.3c.2-.2.3-.5.3-.7s-.1-.5-.3-.7c-.2-.2-.4-.3-.7-.3h-11c-.3 0-.5.1-.7.3-.2.2-.3.5-.3.7s.1.5.3.7z\"\/><\/svg><\/span><\/span><\/span><\/a><\/span><\/div>\n<nav><ul class='ez-toc-list ez-toc-list-level-1 ' ><li class='ez-toc-page-1 ez-toc-heading-level-2'><a class=\"ez-toc-link ez-toc-heading-1\" href=\"https:\/\/aventouralia.com\/en\/blog\/fuengirola-international-countries-fair\/#What_is_the_Fuengirola_International_Fair\" >What is the Fuengirola International Fair?<\/a><\/li><li class='ez-toc-page-1 ez-toc-heading-level-2'><a class=\"ez-toc-link ez-toc-heading-2\" href=\"https:\/\/aventouralia.com\/en\/blog\/fuengirola-international-countries-fair\/#When_is_the_International_Fair_2026\" >When is the International Fair 2026?<\/a><\/li><li class='ez-toc-page-1 ez-toc-heading-level-2'><a class=\"ez-toc-link ez-toc-heading-3\" href=\"https:\/\/aventouralia.com\/en\/blog\/fuengirola-international-countries-fair\/#Countries_with_pavilions_at_the_Fuengirola_International_Fair_2026\" >Countries with pavilions at the Fuengirola International Fair 2026<\/a><\/li><li class='ez-toc-page-1 ez-toc-heading-level-2'><a class=\"ez-toc-link ez-toc-heading-4\" href=\"https:\/\/aventouralia.com\/en\/blog\/fuengirola-international-countries-fair\/#Map_of_the_International_Fair_pavilions\" >Map of the International Fair pavilions<\/a><\/li><li class='ez-toc-page-1 ez-toc-heading-level-2'><a class=\"ez-toc-link ez-toc-heading-5\" href=\"https:\/\/aventouralia.com\/en\/blog\/fuengirola-international-countries-fair\/#What_to_do_during_the_International_Fair_2026\" >What to do during the International Fair 2026?<\/a><ul class='ez-toc-list-level-3' ><li class='ez-toc-heading-level-3'><a class=\"ez-toc-link ez-toc-heading-6\" href=\"https:\/\/aventouralia.com\/en\/blog\/fuengirola-international-countries-fair\/#Eat_a_lot_and_travel_with_your_taste_buds\" >Eat a lot and travel with your taste buds<\/a><\/li><li class='ez-toc-page-1 ez-toc-heading-level-3'><a class=\"ez-toc-link ez-toc-heading-7\" href=\"https:\/\/aventouralia.com\/en\/blog\/fuengirola-international-countries-fair\/#Enjoy_live_music_and_performances\" >Enjoy live music and performances<\/a><\/li><li class='ez-toc-page-1 ez-toc-heading-level-3'><a class=\"ez-toc-link ez-toc-heading-8\" href=\"https:\/\/aventouralia.com\/en\/blog\/fuengirola-international-countries-fair\/#Dont_miss_the_multicultural_parade\" >Don\u2019t miss the multicultural parade<\/a><\/li><li class='ez-toc-page-1 ez-toc-heading-level-3'><a class=\"ez-toc-link ez-toc-heading-9\" href=\"https:\/\/aventouralia.com\/en\/blog\/fuengirola-international-countries-fair\/#Buy_international_crafts\" >Buy international crafts<\/a><\/li><li class='ez-toc-page-1 ez-toc-heading-level-3'><a class=\"ez-toc-link ez-toc-heading-10\" href=\"https:\/\/aventouralia.com\/en\/blog\/fuengirola-international-countries-fair\/#A_perfect_plan_for_the_whole_family\" >A perfect plan for the whole family<\/a><\/li><\/ul><\/li><li class='ez-toc-page-1 ez-toc-heading-level-2'><a class=\"ez-toc-link ez-toc-heading-11\" href=\"https:\/\/aventouralia.com\/en\/blog\/fuengirola-international-countries-fair\/#Alternative_plan_to_the_International_Fair\" >Alternative plan to the International Fair?<\/a><\/li><li class='ez-toc-page-1 ez-toc-heading-level-2'><a class=\"ez-toc-link ez-toc-heading-12\" href=\"https:\/\/aventouralia.com\/en\/blog\/fuengirola-international-countries-fair\/#Tips_for_visiting_the_Fuengirola_International_Fair\" >Tips for visiting the Fuengirola International Fair<\/a><\/li><li class='ez-toc-page-1 ez-toc-heading-level-2'><a class=\"ez-toc-link ez-toc-heading-13\" href=\"https:\/\/aventouralia.com\/en\/blog\/fuengirola-international-countries-fair\/#Conclusion\" >Conclusion<\/a><\/li><\/ul><\/nav><\/div>\n<h2><span class=\"ez-toc-section\" id=\"What_is_the_Fuengirola_International_Fair\"><\/span>What is the Fuengirola International Fair?<span class=\"ez-toc-section-end\"><\/span><\/h2>\n<p>The International Fair is one of the most iconic events in Fuengirola and the entire Costa del Sol. It has been held since 1994 and each year brings together <strong>more than 30 countries<\/strong>, making it one of the most important multicultural fairs in Spain.<\/p>\n<p>For several days, the fairground transforms into a large themed space where each country has its own fully decorated pavilion. It\u2019s not just about eating or drinking, but about <strong>immersing yourself in each culture<\/strong> through its music, atmosphere, and traditions.<\/p>\n<p>In addition, the event attracts thousands of visitors every year, both locals and tourists, creating a truly international atmosphere that\u2019s hard to find at other events in the province.<\/p>\n<h2><span class=\"ez-toc-section\" id=\"When_is_the_International_Fair_2026\"><\/span>When is the International Fair 2026?<span class=\"ez-toc-section-end\"><\/span><\/h2>\n<p>The Fuengirola International Fair 2026 will take place <strong>from April 29 to May 3<\/strong>, coinciding with the May Day long weekend, one of the best times of the year to enjoy the Costa del Sol.<\/p>\n<p>During these days, Fuengirola is at its liveliest, with an international atmosphere, mild temperatures, and long daylight hours that invite you to extend the experience both day and night.<\/p>\n<p>If you\u2019re looking for a more relaxed atmosphere, visit during the week. If you prefer a busier and more vibrant vibe, the weekend is when the fair is at its peak.<\/p>\n<h2><span class=\"ez-toc-section\" id=\"Countries_with_pavilions_at_the_Fuengirola_International_Fair_2026\"><\/span>Countries with pavilions at the Fuengirola International Fair 2026<span class=\"ez-toc-section-end\"><\/span><\/h2>\n<p>The <strong>international pavilions<\/strong> are the main attraction of the fair. Each country recreates its culture, cuisine, and atmosphere, allowing you to travel from one continent to another in just a few minutes\u2014a true journey around the world without leaving Fuengirola.<\/p>\n<p>In the 2026 edition, <strong>more than 30 countries<\/strong> will participate, a number that may vary slightly each year. These are many of the countries that usually take part in the event:<\/p>\n<div style=\"columns: 3;\">\n<p>Argentina<br \/>\nAustralia<br \/>\nBelgium<br \/>\nBolivia<br \/>\nBrazil<br \/>\nChile<br \/>\nColombia<br \/>\nCosta Rica<br \/>\nCuba<br \/>\nEcuador<br \/>\nSpain<\/p>\n<p>Finland<br \/>\nGreat Britain<br \/>\nGreece<br \/>\nHawaii (USA)<br \/>\nIreland<br \/>\nIceland<br \/>\nItaly<br \/>\nJapan<br \/>\nMexico<br \/>\nPalestine<br \/>\nParaguay<\/p>\n<p>Peru<br \/>\nPuerto Rico<br \/>\nDominican Republic<br \/>\nRomania<br \/>\nSenegal<br \/>\nSweden<br \/>\nThailand<br \/>\nTurkey<br \/>\nUruguay<br \/>\nVenezuela<\/p>\n<\/div>\n<p>In total, the fair brings together between <strong>30 and 33 nations<\/strong>, making it one of the most international events on the Costa del Sol.<\/p>\n<p><img loading=\"lazy\" decoding=\"async\" class=\"alignnone wp-image-14499 size-full\" title=\"fuengirola international fair 2026 (2)\" src=\"https:\/\/aventouralia.com\/wp-content\/uploads\/2026\/04\/feria-de-los-pueblos-fuengirola-2026-2.jpg\" alt=\"Fuengirola International Fair 2026\" width=\"1024\" height=\"683\" srcset=\"https:\/\/aventouralia.com\/wp-content\/uploads\/2026\/04\/feria-de-los-pueblos-fuengirola-2026-2.jpg 1024w, https:\/\/aventouralia.com\/wp-content\/uploads\/2026\/04\/feria-de-los-pueblos-fuengirola-2026-2-300x200.jpg 300w, https:\/\/aventouralia.com\/wp-content\/uploads\/2026\/04\/feria-de-los-pueblos-fuengirola-2026-2-500x333.jpg 500w\" sizes=\"auto, (max-width: 1024px) 100vw, 1024px\" \/><\/p>\n<h2><span class=\"ez-toc-section\" id=\"Map_of_the_International_Fair_pavilions\"><\/span>Map of the International Fair pavilions<span class=\"ez-toc-section-end\"><\/span><\/h2>\n<p><img loading=\"lazy\" decoding=\"async\" class=\"wp-image-14658 size-woocommerce_single\" title=\"aventouralia fair map\" src=\"https:\/\/aventouralia.com\/wp-content\/uploads\/2026\/04\/mapa_feria_aventouralia-500x879.jpg\" alt=\"Fuengirola International Fair map 2026\" width=\"500\" height=\"879\" srcset=\"https:\/\/aventouralia.com\/wp-content\/uploads\/2026\/04\/mapa_feria_aventouralia-500x879.jpg 500w, https:\/\/aventouralia.com\/wp-content\/uploads\/2026\/04\/mapa_feria_aventouralia-171x300.jpg 171w, https:\/\/aventouralia.com\/wp-content\/uploads\/2026\/04\/mapa_feria_aventouralia-583x1024.jpg 583w, https:\/\/aventouralia.com\/wp-content\/uploads\/2026\/04\/mapa_feria_aventouralia.jpg 1024w\" sizes=\"auto, (max-width: 500px) 100vw, 500px\" \/><\/p>\n<h2><span class=\"ez-toc-section\" id=\"What_to_do_during_the_International_Fair_2026\"><\/span>What to do during the International Fair 2026?<span class=\"ez-toc-section-end\"><\/span><\/h2>\n<h3><span class=\"ez-toc-section\" id=\"Eat_a_lot_and_travel_with_your_taste_buds\"><\/span>Eat a lot and travel with your taste buds<span class=\"ez-toc-section-end\"><\/span><\/h3>\n<p>One of the main highlights of the fair is, without a doubt, the food. Each pavilion offers traditional dishes from its country, freshly prepared using authentic recipes.<\/p>\n<p>You can start with Spanish tapas, continue with Mexican food, move on to Italy, and finish with an Argentine or Turkish dessert. The variety is huge, and the quality often surprises visitors.<\/p>\n<p>Share dishes with others so you can try more options without getting too full too quickly.<\/p>\n<h3><span class=\"ez-toc-section\" id=\"Enjoy_live_music_and_performances\"><\/span>Enjoy live music and performances<span class=\"ez-toc-section-end\"><\/span><\/h3>\n<p>Music is present throughout the day. Many pavilions have their own stages where live performances take place: traditional dances, concerts, entertainment, and cultural shows.<\/p>\n<p>There are also common areas where events and performances are organized, creating a lively and dynamic atmosphere at all times.<\/p>\n<h3><span class=\"ez-toc-section\" id=\"Dont_miss_the_multicultural_parade\"><\/span>Don\u2019t miss the multicultural parade<span class=\"ez-toc-section-end\"><\/span><\/h3>\n<p>One of the most anticipated moments is the international parade, where hundreds of people walk through the fairground dressed in traditional costumes from their countries.<\/p>\n<p>It\u2019s a perfect opportunity to take photos, discover new cultures, and experience one of the most visually spectacular moments of the fair.<\/p>\n<h3><span class=\"ez-toc-section\" id=\"Buy_international_crafts\"><\/span>Buy international crafts<span class=\"ez-toc-section-end\"><\/span><\/h3>\n<p>Beyond food and music, the fair also offers craft stalls and traditional products. From jewelry to textiles and decorative items, it\u2019s easy to find something special to take home as a souvenir.<\/p>\n<h3><span class=\"ez-toc-section\" id=\"A_perfect_plan_for_the_whole_family\"><\/span>A perfect plan for the whole family<span class=\"ez-toc-section-end\"><\/span><\/h3>\n<p>The fair is designed for all audiences. There are amusement areas, children\u2019s activities, and open spaces where you can relax and enjoy.<\/p>\n<p>That\u2019s why it\u2019s an ideal plan whether you\u2019re traveling as a couple, with children, or in a group.<\/p>\n<h2><span class=\"ez-toc-section\" id=\"Alternative_plan_to_the_International_Fair\"><\/span>Alternative plan to the International Fair?<span class=\"ez-toc-section-end\"><\/span><\/h2>\n<p>If you want to make your getaway even more complete, you can combine the fair with a different experience: <strong>a quad or buggy tour along the Costa del Sol with Aventouralia<\/strong>.<\/p>\n<p>This is a perfect activity to step away from the fairground atmosphere for a few hours and discover another side of the destination. Riding a quad or buggy, you\u2019ll explore <strong>rural roads, natural trails, and less touristy areas<\/strong>, enjoying unique landscapes between mountains and the sea.<\/p>\n<p>No prior experience is needed, as the tours are guided and suitable for all levels, making it an ideal option for both couples and groups of friends.<\/p>\n\n<div class=\"aventouralia-cards\">\n\n    <!-- CARD 1 -->\n    <div class=\"av-card\">\n        <img decoding=\"async\" src=\"https:\/\/aventouralia.com\/wp-content\/uploads\/2025\/06\/DSC04066-scaled.jpg\" class=\"av-img\">\n        <p class=\"av-title\">Buggy Tour<\/p>\n        <p>Explora paisajes espectaculares y terrenos off-road en una aventura de buggy tour en M\u00e1laga llena de emoci\u00f3n con Aventouralia. \u00bfTe atreves a probarlo?<\/p>\n        <a href=\"https:\/\/aventouralia.com\/buggies\/#buggy-tours\" class=\"av-btn\">Ver M\u00e1s<\/a>\n    <\/div>\n\n    <!-- CARD 2 -->\n    <div class=\"av-card\">\n        <img decoding=\"async\" src=\"https:\/\/aventouralia.com\/wp-content\/uploads\/2023\/08\/foto-elegida-para-QUAD-3-HORAS-1-1.webp\" class=\"av-img\">\n        <p class=\"av-title\">Quad Tour<\/p>\n        <p>Divi\u00e9rtete en un recorrido \u00fanico en quad por senderos naturales y vive una experiencia de adrenalina inolvidable llendo a toda velocidad. \u00bfQuieres saber m\u00e1s?<\/p>\n        <a href=\"https:\/\/aventouralia.com\/#quads-rutas\" class=\"av-btn\">Ver M\u00e1s<\/a>\n    <\/div>\n\n    <!-- CARD 3 -->\n    <div class=\"av-card\">\n        <img decoding=\"async\" src=\"https:\/\/aventouralia.com\/wp-content\/uploads\/2023\/08\/foto-centrada-en-la-parte-de-QUADS-1-1.webp\" class=\"av-img\">\n        <p class=\"av-title\">Team Building<\/p>\n        <p>Vive una experiencia \u00fanica de cohesi\u00f3n y aventura recorriendo terrenos espectaculares en quads y buggies. Una actividad dise\u00f1ada para fortalecer la uni\u00f3n del grupo al aire libre.<\/p>\n        <a href=\"https:\/\/aventouralia.com\/quads-team-building-malaga\/#rutas-team-building\" class=\"av-btn\">Ver M\u00e1s<\/a>\n    <\/div>\n\n<\/div>\n\n<style>\n.aventouralia-cards{\n    display: grid;\n    grid-template-columns: repeat(auto-fit, minmax(320px, 1fr));\n    gap: 40px;\n    margin: 40px 0;\n}\n\n.av-card{\n    background: #ffffff;\n    padding: 20px;\n    border-radius: 20px;\n    box-shadow: 0px 10px 28px rgba(0,0,0,0.08);\n    text-align: center;\n    transition: transform .2s ease;\n}\n\n.av-card:hover{\n    transform: translateY(-6px);\n}\n\n.av-img{\n    width: 100%;\n    height: 220px;\n    object-fit: cover;\n    border-radius: 14px;\n    margin-bottom: 20px;\n}\n\n\/* T\u00cdTULO CON FORMATO ORIGINAL DE H3 *\/\n.av-title{\n    font-size: 24px;\n    margin-bottom: 12px;\n    color: #301b6d; \/* Morado Aventouralia *\/\n    font-weight: 700;\n    line-height: 1.2;\n}\n\n\/* TEXTO DESCRIPTIVO *\/\n.av-card p:not(.av-title){\n    color: #444;\n    font-size: 16px;\n    line-height: 1.55;\n    min-height: 80px;\n}\n\n.av-btn{\n    display: block;\n    background: #301b6d; \/* Morado Aventouralia *\/\n    color: #fff;\n    padding: 14px 25px;\n    border-radius: 12px;\n    font-weight: 600;\n    text-align: center;\n    margin-top: 20px;\n    transition: background .2s ease;\n}\n\n.av-btn:hover{\n    background: #1a0d47;\n}\n<\/style>\n\n\n<h2><span class=\"ez-toc-section\" id=\"Tips_for_visiting_the_Fuengirola_International_Fair\"><\/span>Tips for visiting the Fuengirola International Fair<span class=\"ez-toc-section-end\"><\/span><\/h2>\n<p>If it\u2019s your first time at the fair (or you want to make the most of it), there are a few details that can make the difference between a standard visit and an amazing experience.<\/p>\n<p>Here are some practical tips to enjoy it to the fullest:<\/p>\n<ul>\n<li><strong>Choose your visit day wisely.<\/strong> Weekdays are usually less crowded and more relaxed. Weekends, on the other hand, are much livelier.<\/li>\n<li><strong>Arrive early.<\/strong> Especially if you want to sit in popular pavilions or avoid long queues.<\/li>\n<li><strong>Come hungry (but with a strategy).<\/strong> There\u2019s a huge variety of food, so it\u2019s best to share dishes to try more without getting full too quickly.<\/li>\n<li><strong>Bring cash.<\/strong> Although more pavilions accept cards nowadays, it\u2019s still recommended to carry some cash.<\/li>\n<li><strong>Plan your route.<\/strong> With more than 30 countries, it\u2019s easy to get lost. Take a look in advance at the pavilions that interest you the most.<\/li>\n<li><strong>Be prepared to walk.<\/strong> The fairground is large, and you\u2019ll spend several hours moving from one pavilion to another.<\/li>\n<li><strong>Combine the fair with other plans.<\/strong> Take advantage of your visit to explore the area or add experiences such as tours, excursions, or adventure activities.<\/li>\n<\/ul>\n<p>In short, with a bit of planning, you\u2019ll be able to enjoy one of the most complete and lively events on the Costa del Sol even more.<\/p>\n<h2><span class=\"ez-toc-section\" id=\"Conclusion\"><\/span>Conclusion<span class=\"ez-toc-section-end\"><\/span><\/h2>\n<p>The Fuengirola International Fair is much more than an event: it\u2019s an experience that combines culture, gastronomy, and fun in a unique setting on the Costa del Sol. A perfect plan whether you\u2019re traveling as a couple, with friends, or with family and want to experience something different during your stay in M\u00e1laga.<\/p>\n<p>Moreover, if you want to take your trip to the next level, you can combine the fair with unique experiences such as <a href=\"https:\/\/aventouralia.com\/en\/buggies\/\"><strong>buggy tours in M\u00e1laga<\/strong><\/a> or <a href=\"https:\/\/aventouralia.com\/en\/\"><strong>quad tours in M\u00e1laga<\/strong><\/a>, a different way to discover the natural landscapes of the area and add a touch of adventure to your journey.<\/p>\n<p>At <strong>Aventouralia<\/strong>, you\u2019ll find these kinds of experiences designed so that you don\u2019t just visit the destination\u2014you truly live it. Because in the end, the best trips aren\u2019t measured by places, but by everything you experience in them.<\/p>\n\n\n<div class=\"kk-star-ratings kksr-auto kksr-align-center kksr-valign-bottom\"\n    data-payload='{&quot;align&quot;:&quot;center&quot;,&quot;id&quot;:&quot;15116&quot;,&quot;slug&quot;:&quot;default&quot;,&quot;valign&quot;:&quot;bottom&quot;,&quot;ignore&quot;:&quot;&quot;,&quot;reference&quot;:&quot;auto&quot;,&quot;class&quot;:&quot;&quot;,&quot;count&quot;:&quot;0&quot;,&quot;legendonly&quot;:&quot;&quot;,&quot;readonly&quot;:&quot;&quot;,&quot;score&quot;:&quot;0&quot;,&quot;starsonly&quot;:&quot;&quot;,&quot;best&quot;:&quot;5&quot;,&quot;gap&quot;:&quot;5&quot;,&quot;greet&quot;:&quot;Rate this post&quot;,&quot;legend&quot;:&quot;0\\\/5 - (0 votes)&quot;,&quot;size&quot;:&quot;24&quot;,&quot;title&quot;:&quot;Fuengirola International Countries Fair 2026&quot;,&quot;width&quot;:&quot;0&quot;,&quot;_legend&quot;:&quot;{score}\\\/{best} - ({count} {votes})&quot;,&quot;font_factor&quot;:&quot;1.25&quot;}'>\n            \n<div class=\"kksr-stars\">\n    \n<div class=\"kksr-stars-inactive\">\n            <div class=\"kksr-star\" data-star=\"1\" style=\"padding-right: 5px\">\n            \n\n<div class=\"kksr-icon\" style=\"width: 24px; height: 24px;\"><\/div>\n        <\/div>\n            <div class=\"kksr-star\" data-star=\"2\" style=\"padding-right: 5px\">\n            \n\n<div class=\"kksr-icon\" style=\"width: 24px; height: 24px;\"><\/div>\n        <\/div>\n            <div class=\"kksr-star\" data-star=\"3\" style=\"padding-right: 5px\">\n            \n\n<div class=\"kksr-icon\" style=\"width: 24px; height: 24px;\"><\/div>\n        <\/div>\n            <div class=\"kksr-star\" data-star=\"4\" style=\"padding-right: 5px\">\n            \n\n<div class=\"kksr-icon\" style=\"width: 24px; height: 24px;\"><\/div>\n        <\/div>\n            <div class=\"kksr-star\" data-star=\"5\" style=\"padding-right: 5px\">\n            \n\n<div class=\"kksr-icon\" style=\"width: 24px; height: 24px;\"><\/div>\n        <\/div>\n    <\/div>\n    \n<div class=\"kksr-stars-active\" style=\"width: 0px;\">\n            <div class=\"kksr-star\" style=\"padding-right: 5px\">\n            \n\n<div class=\"kksr-icon\" style=\"width: 24px; height: 24px;\"><\/div>\n        <\/div>\n            <div class=\"kksr-star\" style=\"padding-right: 5px\">\n            \n\n<div class=\"kksr-icon\" style=\"width: 24px; height: 24px;\"><\/div>\n        <\/div>\n            <div class=\"kksr-star\" style=\"padding-right: 5px\">\n            \n\n<div class=\"kksr-icon\" style=\"width: 24px; height: 24px;\"><\/div>\n        <\/div>\n            <div class=\"kksr-star\" style=\"padding-right: 5px\">\n            \n\n<div class=\"kksr-icon\" style=\"width: 24px; height: 24px;\"><\/div>\n        <\/div>\n            <div class=\"kksr-star\" style=\"padding-right: 5px\">\n            \n\n<div class=\"kksr-icon\" style=\"width: 24px; height: 24px;\"><\/div>\n        <\/div>\n    <\/div>\n<\/div>\n                \n\n<div class=\"kksr-legend\" style=\"font-size: 19.2px;\">\n            <span class=\"kksr-muted\">Rate this post<\/span>\n    <\/div>\n    <\/div>\n","protected":false},"excerpt":{"rendered":"<p>If you&#8217;re looking for a different kind of plan on the Costa del Sol, the Fuengirola International Fair 2026 (also known as the International Fair of Countries) is one of those experiences you won\u2019t forget. Music, international cuisine, a festive atmosphere\u2026 all without leaving M\u00e1laga. For a few days, Fuengirola becomes a true meeting point&#8230;<\/p>\n","protected":false},"author":1,"featured_media":15114,"comment_status":"closed","ping_status":"closed","sticky":false,"template":"","format":"standard","meta":{"_acf_changed":false,"footnotes":""},"categories":[54],"tags":[],"class_list":["post-15116","post","type-post","status-publish","format-standard","has-post-thumbnail","hentry","category-information"],"acf":[],"yoast_head":"<!-- This site is optimized with the Yoast SEO plugin v27.5 - https:\/\/yoast.com\/product\/yoast-seo-wordpress\/ -->\n<title>Fuengirola International Countries Fair 2026 | Excursiones en Quad y Alquiler de Quads en M\u00e1laga<\/title>\n<meta name=\"description\" content=\"Are you going to the Fuengirola International Fair 2026? Discover what to do, which countries are taking part, and the best plans on the Costa del Sol.\" \/>\n<meta name=\"robots\" content=\"index, follow, max-snippet:-1, max-image-preview:large, max-video-preview:-1\" \/>\n<link rel=\"canonical\" href=\"https:\/\/aventouralia.com\/en\/blog\/fuengirola-international-countries-fair\/\" \/>\n<meta property=\"og:locale\" content=\"en_US\" \/>\n<meta property=\"og:type\" content=\"article\" \/>\n<meta property=\"og:title\" content=\"Fuengirola International Countries Fair 2026 | Excursiones en Quad y Alquiler de Quads en M\u00e1laga\" \/>\n<meta property=\"og:description\" content=\"Are you going to the Fuengirola International Fair 2026? Discover what to do, which countries are taking part, and the best plans on the Costa del Sol.\" \/>\n<meta property=\"og:url\" content=\"https:\/\/aventouralia.com\/en\/blog\/fuengirola-international-countries-fair\/\" \/>\n<meta property=\"og:site_name\" content=\"Excursiones en Quad y Alquiler de Quads en M\u00e1laga\" \/>\n<meta property=\"article:publisher\" content=\"https:\/\/www.facebook.com\/people\/AvenTouralia\/100063686643527\/\" \/>\n<meta property=\"article:published_time\" content=\"2026-04-13T11:01:47+00:00\" \/>\n<meta property=\"article:modified_time\" content=\"2026-04-29T06:58:15+00:00\" \/>\n<meta property=\"og:image\" content=\"https:\/\/aventouralia.com\/wp-content\/uploads\/2026\/04\/feria-de-los-pueblos-fuengirola-2026-2.jpg\" \/>\n\t<meta property=\"og:image:width\" content=\"1024\" \/>\n\t<meta property=\"og:image:height\" content=\"683\" \/>\n\t<meta property=\"og:image:type\" content=\"image\/jpeg\" \/>\n<meta name=\"author\" content=\"admin_solbyte\" \/>\n<meta name=\"twitter:card\" content=\"summary_large_image\" \/>\n<meta name=\"twitter:label1\" content=\"Written by\" \/>\n\t<meta name=\"twitter:data1\" content=\"admin_solbyte\" \/>\n\t<meta name=\"twitter:label2\" content=\"Est. reading time\" \/>\n\t<meta name=\"twitter:data2\" content=\"7 minutes\" \/>\n<script type=\"application\/ld+json\" class=\"yoast-schema-graph\">{\"@context\":\"https:\\\/\\\/schema.org\",\"@graph\":[{\"@type\":\"Article\",\"@id\":\"https:\\\/\\\/aventouralia.com\\\/en\\\/blog\\\/fuengirola-international-countries-fair\\\/#article\",\"isPartOf\":{\"@id\":\"https:\\\/\\\/aventouralia.com\\\/en\\\/blog\\\/fuengirola-international-countries-fair\\\/\"},\"author\":{\"name\":\"admin_solbyte\",\"@id\":\"https:\\\/\\\/aventouralia.com\\\/en\\\/#\\\/schema\\\/person\\\/b088e98ec16e7b8567544de9564df77a\"},\"headline\":\"Fuengirola International Countries Fair 2026\",\"datePublished\":\"2026-04-13T11:01:47+00:00\",\"dateModified\":\"2026-04-29T06:58:15+00:00\",\"mainEntityOfPage\":{\"@id\":\"https:\\\/\\\/aventouralia.com\\\/en\\\/blog\\\/fuengirola-international-countries-fair\\\/\"},\"wordCount\":1249,\"publisher\":{\"@id\":\"https:\\\/\\\/aventouralia.com\\\/en\\\/#organization\"},\"image\":{\"@id\":\"https:\\\/\\\/aventouralia.com\\\/en\\\/blog\\\/fuengirola-international-countries-fair\\\/#primaryimage\"},\"thumbnailUrl\":\"https:\\\/\\\/aventouralia.com\\\/wp-content\\\/uploads\\\/2026\\\/04\\\/feria-de-los-pueblos-fuengirola-2026-2.jpg\",\"articleSection\":[\"Information\"],\"inLanguage\":\"en-US\"},{\"@type\":\"WebPage\",\"@id\":\"https:\\\/\\\/aventouralia.com\\\/en\\\/blog\\\/fuengirola-international-countries-fair\\\/\",\"url\":\"https:\\\/\\\/aventouralia.com\\\/en\\\/blog\\\/fuengirola-international-countries-fair\\\/\",\"name\":\"Fuengirola International Countries Fair 2026 | Excursiones en Quad y Alquiler de Quads en M\u00e1laga\",\"isPartOf\":{\"@id\":\"https:\\\/\\\/aventouralia.com\\\/en\\\/#website\"},\"primaryImageOfPage\":{\"@id\":\"https:\\\/\\\/aventouralia.com\\\/en\\\/blog\\\/fuengirola-international-countries-fair\\\/#primaryimage\"},\"image\":{\"@id\":\"https:\\\/\\\/aventouralia.com\\\/en\\\/blog\\\/fuengirola-international-countries-fair\\\/#primaryimage\"},\"thumbnailUrl\":\"https:\\\/\\\/aventouralia.com\\\/wp-content\\\/uploads\\\/2026\\\/04\\\/feria-de-los-pueblos-fuengirola-2026-2.jpg\",\"datePublished\":\"2026-04-13T11:01:47+00:00\",\"dateModified\":\"2026-04-29T06:58:15+00:00\",\"description\":\"Are you going to the Fuengirola International Fair 2026? Discover what to do, which countries are taking part, and the best plans on the Costa del Sol.\",\"breadcrumb\":{\"@id\":\"https:\\\/\\\/aventouralia.com\\\/en\\\/blog\\\/fuengirola-international-countries-fair\\\/#breadcrumb\"},\"inLanguage\":\"en-US\",\"potentialAction\":[{\"@type\":\"ReadAction\",\"target\":[\"https:\\\/\\\/aventouralia.com\\\/en\\\/blog\\\/fuengirola-international-countries-fair\\\/\"]}]},{\"@type\":\"ImageObject\",\"inLanguage\":\"en-US\",\"@id\":\"https:\\\/\\\/aventouralia.com\\\/en\\\/blog\\\/fuengirola-international-countries-fair\\\/#primaryimage\",\"url\":\"https:\\\/\\\/aventouralia.com\\\/wp-content\\\/uploads\\\/2026\\\/04\\\/feria-de-los-pueblos-fuengirola-2026-2.jpg\",\"contentUrl\":\"https:\\\/\\\/aventouralia.com\\\/wp-content\\\/uploads\\\/2026\\\/04\\\/feria-de-los-pueblos-fuengirola-2026-2.jpg\",\"width\":1024,\"height\":683,\"caption\":\"feria de los pueblos fuengirola 2026 (2)\"},{\"@type\":\"BreadcrumbList\",\"@id\":\"https:\\\/\\\/aventouralia.com\\\/en\\\/blog\\\/fuengirola-international-countries-fair\\\/#breadcrumb\",\"itemListElement\":[{\"@type\":\"ListItem\",\"position\":1,\"name\":\"Portada\",\"item\":\"https:\\\/\\\/aventouralia.com\\\/en\\\/\"},{\"@type\":\"ListItem\",\"position\":2,\"name\":\"Fuengirola International Countries Fair 2026\"}]},{\"@type\":\"WebSite\",\"@id\":\"https:\\\/\\\/aventouralia.com\\\/en\\\/#website\",\"url\":\"https:\\\/\\\/aventouralia.com\\\/en\\\/\",\"name\":\"Excursiones en Quad y Alquiler de Quads en M\u00e1laga\",\"description\":\"\",\"publisher\":{\"@id\":\"https:\\\/\\\/aventouralia.com\\\/en\\\/#organization\"},\"potentialAction\":[{\"@type\":\"SearchAction\",\"target\":{\"@type\":\"EntryPoint\",\"urlTemplate\":\"https:\\\/\\\/aventouralia.com\\\/en\\\/?s={search_term_string}\"},\"query-input\":{\"@type\":\"PropertyValueSpecification\",\"valueRequired\":true,\"valueName\":\"search_term_string\"}}],\"inLanguage\":\"en-US\"},{\"@type\":\"Organization\",\"@id\":\"https:\\\/\\\/aventouralia.com\\\/en\\\/#organization\",\"name\":\"Excursiones en Quad y Alquiler de Quads en M\u00e1laga\",\"url\":\"https:\\\/\\\/aventouralia.com\\\/en\\\/\",\"logo\":{\"@type\":\"ImageObject\",\"inLanguage\":\"en-US\",\"@id\":\"https:\\\/\\\/aventouralia.com\\\/en\\\/#\\\/schema\\\/logo\\\/image\\\/\",\"url\":\"https:\\\/\\\/aventouralia.com\\\/wp-content\\\/uploads\\\/2023\\\/09\\\/Aventouralia-favicom.jpg\",\"contentUrl\":\"https:\\\/\\\/aventouralia.com\\\/wp-content\\\/uploads\\\/2023\\\/09\\\/Aventouralia-favicom.jpg\",\"width\":512,\"height\":512,\"caption\":\"Excursiones en Quad y Alquiler de Quads en M\u00e1laga\"},\"image\":{\"@id\":\"https:\\\/\\\/aventouralia.com\\\/en\\\/#\\\/schema\\\/logo\\\/image\\\/\"},\"sameAs\":[\"https:\\\/\\\/www.facebook.com\\\/people\\\/AvenTouralia\\\/100063686643527\\\/\",\"https:\\\/\\\/www.instagram.com\\\/aventouralia_\\\/\",\"https:\\\/\\\/www.youtube.com\\\/@aventouraliaquads8269\"]},{\"@type\":\"Person\",\"@id\":\"https:\\\/\\\/aventouralia.com\\\/en\\\/#\\\/schema\\\/person\\\/b088e98ec16e7b8567544de9564df77a\",\"name\":\"admin_solbyte\",\"image\":{\"@type\":\"ImageObject\",\"inLanguage\":\"en-US\",\"@id\":\"https:\\\/\\\/secure.gravatar.com\\\/avatar\\\/edd888738bb98bddffbea2c50034264e135aaa1849baae74099aa811d4485252?s=96&d=mm&r=g\",\"url\":\"https:\\\/\\\/secure.gravatar.com\\\/avatar\\\/edd888738bb98bddffbea2c50034264e135aaa1849baae74099aa811d4485252?s=96&d=mm&r=g\",\"contentUrl\":\"https:\\\/\\\/secure.gravatar.com\\\/avatar\\\/edd888738bb98bddffbea2c50034264e135aaa1849baae74099aa811d4485252?s=96&d=mm&r=g\",\"caption\":\"admin_solbyte\"},\"sameAs\":[\"https:\\\/\\\/aventouralia.com\"],\"url\":\"https:\\\/\\\/aventouralia.com\\\/en\\\/author\\\/admin_solbyte\\\/\"}]}<\/script>\n<!-- \/ Yoast SEO plugin. -->","yoast_head_json":{"title":"Fuengirola International Countries Fair 2026 | Excursiones en Quad y Alquiler de Quads en M\u00e1laga","description":"Are you going to the Fuengirola International Fair 2026? Discover what to do, which countries are taking part, and the best plans on the Costa del Sol.","robots":{"index":"index","follow":"follow","max-snippet":"max-snippet:-1","max-image-preview":"max-image-preview:large","max-video-preview":"max-video-preview:-1"},"canonical":"https:\/\/aventouralia.com\/en\/blog\/fuengirola-international-countries-fair\/","og_locale":"en_US","og_type":"article","og_title":"Fuengirola International Countries Fair 2026 | Excursiones en Quad y Alquiler de Quads en M\u00e1laga","og_description":"Are you going to the Fuengirola International Fair 2026? Discover what to do, which countries are taking part, and the best plans on the Costa del Sol.","og_url":"https:\/\/aventouralia.com\/en\/blog\/fuengirola-international-countries-fair\/","og_site_name":"Excursiones en Quad y Alquiler de Quads en M\u00e1laga","article_publisher":"https:\/\/www.facebook.com\/people\/AvenTouralia\/100063686643527\/","article_published_time":"2026-04-13T11:01:47+00:00","article_modified_time":"2026-04-29T06:58:15+00:00","og_image":[{"width":1024,"height":683,"url":"https:\/\/aventouralia.com\/wp-content\/uploads\/2026\/04\/feria-de-los-pueblos-fuengirola-2026-2.jpg","type":"image\/jpeg"}],"author":"admin_solbyte","twitter_card":"summary_large_image","twitter_misc":{"Written by":"admin_solbyte","Est. reading time":"7 minutes"},"schema":{"@context":"https:\/\/schema.org","@graph":[{"@type":"Article","@id":"https:\/\/aventouralia.com\/en\/blog\/fuengirola-international-countries-fair\/#article","isPartOf":{"@id":"https:\/\/aventouralia.com\/en\/blog\/fuengirola-international-countries-fair\/"},"author":{"name":"admin_solbyte","@id":"https:\/\/aventouralia.com\/en\/#\/schema\/person\/b088e98ec16e7b8567544de9564df77a"},"headline":"Fuengirola International Countries Fair 2026","datePublished":"2026-04-13T11:01:47+00:00","dateModified":"2026-04-29T06:58:15+00:00","mainEntityOfPage":{"@id":"https:\/\/aventouralia.com\/en\/blog\/fuengirola-international-countries-fair\/"},"wordCount":1249,"publisher":{"@id":"https:\/\/aventouralia.com\/en\/#organization"},"image":{"@id":"https:\/\/aventouralia.com\/en\/blog\/fuengirola-international-countries-fair\/#primaryimage"},"thumbnailUrl":"https:\/\/aventouralia.com\/wp-content\/uploads\/2026\/04\/feria-de-los-pueblos-fuengirola-2026-2.jpg","articleSection":["Information"],"inLanguage":"en-US"},{"@type":"WebPage","@id":"https:\/\/aventouralia.com\/en\/blog\/fuengirola-international-countries-fair\/","url":"https:\/\/aventouralia.com\/en\/blog\/fuengirola-international-countries-fair\/","name":"Fuengirola International Countries Fair 2026 | Excursiones en Quad y Alquiler de Quads en M\u00e1laga","isPartOf":{"@id":"https:\/\/aventouralia.com\/en\/#website"},"primaryImageOfPage":{"@id":"https:\/\/aventouralia.com\/en\/blog\/fuengirola-international-countries-fair\/#primaryimage"},"image":{"@id":"https:\/\/aventouralia.com\/en\/blog\/fuengirola-international-countries-fair\/#primaryimage"},"thumbnailUrl":"https:\/\/aventouralia.com\/wp-content\/uploads\/2026\/04\/feria-de-los-pueblos-fuengirola-2026-2.jpg","datePublished":"2026-04-13T11:01:47+00:00","dateModified":"2026-04-29T06:58:15+00:00","description":"Are you going to the Fuengirola International Fair 2026? Discover what to do, which countries are taking part, and the best plans on the Costa del Sol.","breadcrumb":{"@id":"https:\/\/aventouralia.com\/en\/blog\/fuengirola-international-countries-fair\/#breadcrumb"},"inLanguage":"en-US","potentialAction":[{"@type":"ReadAction","target":["https:\/\/aventouralia.com\/en\/blog\/fuengirola-international-countries-fair\/"]}]},{"@type":"ImageObject","inLanguage":"en-US","@id":"https:\/\/aventouralia.com\/en\/blog\/fuengirola-international-countries-fair\/#primaryimage","url":"https:\/\/aventouralia.com\/wp-content\/uploads\/2026\/04\/feria-de-los-pueblos-fuengirola-2026-2.jpg","contentUrl":"https:\/\/aventouralia.com\/wp-content\/uploads\/2026\/04\/feria-de-los-pueblos-fuengirola-2026-2.jpg","width":1024,"height":683,"caption":"feria de los pueblos fuengirola 2026 (2)"},{"@type":"BreadcrumbList","@id":"https:\/\/aventouralia.com\/en\/blog\/fuengirola-international-countries-fair\/#breadcrumb","itemListElement":[{"@type":"ListItem","position":1,"name":"Portada","item":"https:\/\/aventouralia.com\/en\/"},{"@type":"ListItem","position":2,"name":"Fuengirola International Countries Fair 2026"}]},{"@type":"WebSite","@id":"https:\/\/aventouralia.com\/en\/#website","url":"https:\/\/aventouralia.com\/en\/","name":"Excursiones en Quad y Alquiler de Quads en M\u00e1laga","description":"","publisher":{"@id":"https:\/\/aventouralia.com\/en\/#organization"},"potentialAction":[{"@type":"SearchAction","target":{"@type":"EntryPoint","urlTemplate":"https:\/\/aventouralia.com\/en\/?s={search_term_string}"},"query-input":{"@type":"PropertyValueSpecification","valueRequired":true,"valueName":"search_term_string"}}],"inLanguage":"en-US"},{"@type":"Organization","@id":"https:\/\/aventouralia.com\/en\/#organization","name":"Excursiones en Quad y Alquiler de Quads en M\u00e1laga","url":"https:\/\/aventouralia.com\/en\/","logo":{"@type":"ImageObject","inLanguage":"en-US","@id":"https:\/\/aventouralia.com\/en\/#\/schema\/logo\/image\/","url":"https:\/\/aventouralia.com\/wp-content\/uploads\/2023\/09\/Aventouralia-favicom.jpg","contentUrl":"https:\/\/aventouralia.com\/wp-content\/uploads\/2023\/09\/Aventouralia-favicom.jpg","width":512,"height":512,"caption":"Excursiones en Quad y Alquiler de Quads en M\u00e1laga"},"image":{"@id":"https:\/\/aventouralia.com\/en\/#\/schema\/logo\/image\/"},"sameAs":["https:\/\/www.facebook.com\/people\/AvenTouralia\/100063686643527\/","https:\/\/www.instagram.com\/aventouralia_\/","https:\/\/www.youtube.com\/@aventouraliaquads8269"]},{"@type":"Person","@id":"https:\/\/aventouralia.com\/en\/#\/schema\/person\/b088e98ec16e7b8567544de9564df77a","name":"admin_solbyte","image":{"@type":"ImageObject","inLanguage":"en-US","@id":"https:\/\/secure.gravatar.com\/avatar\/edd888738bb98bddffbea2c50034264e135aaa1849baae74099aa811d4485252?s=96&d=mm&r=g","url":"https:\/\/secure.gravatar.com\/avatar\/edd888738bb98bddffbea2c50034264e135aaa1849baae74099aa811d4485252?s=96&d=mm&r=g","contentUrl":"https:\/\/secure.gravatar.com\/avatar\/edd888738bb98bddffbea2c50034264e135aaa1849baae74099aa811d4485252?s=96&d=mm&r=g","caption":"admin_solbyte"},"sameAs":["https:\/\/aventouralia.com"],"url":"https:\/\/aventouralia.com\/en\/author\/admin_solbyte\/"}]}},"_links":{"self":[{"href":"https:\/\/aventouralia.com\/en\/wp-json\/wp\/v2\/posts\/15116","targetHints":{"allow":["GET"]}}],"collection":[{"href":"https:\/\/aventouralia.com\/en\/wp-json\/wp\/v2\/posts"}],"about":[{"href":"https:\/\/aventouralia.com\/en\/wp-json\/wp\/v2\/types\/post"}],"author":[{"embeddable":true,"href":"https:\/\/aventouralia.com\/en\/wp-json\/wp\/v2\/users\/1"}],"replies":[{"embeddable":true,"href":"https:\/\/aventouralia.com\/en\/wp-json\/wp\/v2\/comments?post=15116"}],"version-history":[{"count":1,"href":"https:\/\/aventouralia.com\/en\/wp-json\/wp\/v2\/posts\/15116\/revisions"}],"predecessor-version":[{"id":15120,"href":"https:\/\/aventouralia.com\/en\/wp-json\/wp\/v2\/posts\/15116\/revisions\/15120"}],"wp:featuredmedia":[{"embeddable":true,"href":"https:\/\/aventouralia.com\/en\/wp-json\/wp\/v2\/media\/15114"}],"wp:attachment":[{"href":"https:\/\/aventouralia.com\/en\/wp-json\/wp\/v2\/media?parent=15116"}],"wp:term":[{"taxonomy":"category","embeddable":true,"href":"https:\/\/aventouralia.com\/en\/wp-json\/wp\/v2\/categories?post=15116"},{"taxonomy":"post_tag","embeddable":true,"href":"https:\/\/aventouralia.com\/en\/wp-json\/wp\/v2\/tags?post=15116"}],"curies":[{"name":"wp","href":"https:\/\/api.w.org\/{rel}","templated":true}]}}